{"id":4827,"date":"2026-04-23T01:46:59","date_gmt":"2026-04-23T01:46:59","guid":{"rendered":"https:\/\/nationalnews24.bj\/?p=4827"},"modified":"2026-04-23T01:46:59","modified_gmt":"2026-04-23T01:46:59","slug":"faible-mobilisation-electorale-a-porto-novo-lors-de-la-presidentielle-de-2026-emmanuel-zossou-decrypte-les-enseignements-du-scrutin-du-12-avril","status":"publish","type":"post","link":"https:\/\/nationalnews24.bj\/index.php\/2026\/04\/23\/faible-mobilisation-electorale-a-porto-novo-lors-de-la-presidentielle-de-2026-emmanuel-zossou-decrypte-les-enseignements-du-scrutin-du-12-avril\/","title":{"rendered":"Faible mobilisation \u00e9lectorale \u00e0 Porto-Novo lors de la pr\u00e9sidentielle de 2026 : Emmanuel Zossou d\u00e9crypte les enseignements du scrutin du 12 avril"},"content":{"rendered":"<p style=\"text-align: justify;\"><em><strong><span style=\"font-family: arial, helvetica, sans-serif;\">\u00c0 travers une tribune libre empreinte de lucidit\u00e9 politique et de sens r\u00e9publicain, l\u2019ancien maire de Porto-Novo, Emmanuel Zossou, livre une lecture approfondie des r\u00e9sultats de l\u2019\u00e9lection pr\u00e9sidentielle du 12 avril 2026. Si la victoire \u00e9clatante du duo Romuald Wadagni-Mariam Chabi Talata, cr\u00e9dit\u00e9 de 94,05 % des suffrages au plan national, consacre une adh\u00e9sion massive des \u00e9lecteurs, l\u2019ancien \u00e9dile estime que certains indicateurs territoriaux appellent une r\u00e9flexion particuli\u00e8re, notamment dans la capitale politique du B\u00e9nin.<\/span><\/strong><\/em><!--more--><\/p>\n<p style=\"text-align: justify;\"><span style=\"font-family: arial, helvetica, sans-serif;\">Pour Emmanuel Zossou, les chiffres traduisent une r\u00e9alit\u00e9 nuanc\u00e9e. Le d\u00e9partement de l\u2019Ou\u00e9m\u00e9 demeure l\u2019un des bastions \u00e9lectoraux les plus solides du pays avec environ 558 000 voix en faveur du duo vainqueur, se positionnant au deuxi\u00e8me rang national derri\u00e8re le Borgou. Une performance qui confirme, selon lui, la vitalit\u00e9 politique du d\u00e9partement. Toutefois, cette dynamique globale est frein\u00e9e par la contre-performance enregistr\u00e9e \u00e0 Porto-Novo.<\/span><\/p>\n<p style=\"text-align: justify;\"><strong><span style=\"font-family: arial, helvetica, sans-serif;\">Une capitale en retrait de l\u2019\u00e9lan national<\/span><\/strong><\/p>\n<p style=\"text-align: justify;\"><span style=\"font-family: arial, helvetica, sans-serif;\">L\u2019ancien maire rappelle que le taux de participation national a connu une progression notable, atteignant 63,57 %, contre 50 % lors du scrutin pr\u00e9sidentiel de 2021. Dans ce contexte marqu\u00e9 par un regain d\u2019int\u00e9r\u00eat civique, Porto-Novo aurait enregistr\u00e9 un taux de participation estim\u00e9 \u00e0 seulement 37 %, selon des chiffres relay\u00e9s par certaines sources m\u00e9diatiques.<\/span><\/p>\n<p style=\"text-align: justify;\"><span style=\"font-family: arial, helvetica, sans-serif;\">Ce niveau appara\u00eet particuli\u00e8rement faible au regard des performances observ\u00e9es dans plusieurs communes voisines, notamment Bonou (99 %), Dangbo (84 %) ou encore S\u00e8m\u00e8-Podji (60 %). Emmanuel Zossou souligne d\u2019ailleurs que si Porto-Novo avait simplement atteint le niveau de mobilisation de S\u00e8m\u00e8-Podji, le d\u00e9partement de l\u2019Ou\u00e9m\u00e9 aurait pu occuper la premi\u00e8re place nationale.<\/span><\/p>\n<p style=\"text-align: justify;\"><span style=\"font-family: arial, helvetica, sans-serif;\">D\u00e8s lors, le constat est sans \u00e9quivoque : l\u2019Ou\u00e9m\u00e9 reste un bastion politique, mais sa capitale peine \u00e0 assumer pleinement son r\u00f4le moteur.<\/span><\/p>\n<p style=\"text-align: justify;\"><strong><span style=\"font-family: arial, helvetica, sans-serif;\">Les ressorts d\u2019une participation en baisse<\/span><\/strong><\/p>\n<p style=\"text-align: justify;\"><span style=\"font-family: arial, helvetica, sans-serif;\">Dans son analyse, Emmanuel Zossou identifie plusieurs facteurs explicatifs de cette faible mobilisation \u00e9lectorale dans la ville capitale.<\/span><\/p>\n<p style=\"text-align: justify;\"><span style=\"font-family: arial, helvetica, sans-serif;\">Il \u00e9voque en premier lieu les mutations sociologiques du milieu urbain, o\u00f9 les r\u00e9seaux traditionnels d\u2019influence\u00a0: familles, notabilit\u00e9s, chefferies qui perdent progressivement de leur capacit\u00e9 mobilisatrice face \u00e0 des \u00e9lecteurs plus autonomes et plus exigeants.<\/span><\/p>\n<p style=\"text-align: justify;\"><span style=\"font-family: arial, helvetica, sans-serif;\">Il met \u00e9galement en lumi\u00e8re la fragmentation des \u00e9lites locales. Selon lui, Porto-Novo souffre d\u2019une dispersion des initiatives et d\u2019un manque de synergie entre les diff\u00e9rents acteurs politiques et sociaux, contrairement \u00e0 d\u2019autres communes ayant r\u00e9ussi \u00e0 f\u00e9d\u00e9rer leurs forces autour d\u2019objectifs communs.<\/span><\/p>\n<p style=\"text-align: justify;\"><span style=\"font-family: arial, helvetica, sans-serif;\">Enfin, l\u2019ancien maire rel\u00e8ve que les difficult\u00e9s du quotidien, li\u00e9es notamment aux enjeux \u00e9conomiques et sociaux, conduisent une partie de la population \u00e0 rel\u00e9guer le vote au second plan, faute de percevoir des retomb\u00e9es imm\u00e9diates et concr\u00e8tes.<\/span><\/p>\n<p style=\"text-align: justify;\"><strong><span style=\"font-family: arial, helvetica, sans-serif;\">Un enjeu strat\u00e9gique pour la capitale politique<\/span><\/strong><\/p>\n<p style=\"text-align: justify;\"><span style=\"font-family: arial, helvetica, sans-serif;\">Pour Emmanuel Zossou, cette abstention ne doit pas \u00eatre interpr\u00e9t\u00e9e comme un rejet massif, mais plut\u00f4t comme une abstention d\u2019indiff\u00e9rence, ph\u00e9nom\u00e8ne plus insidieux et politiquement pr\u00e9occupant.<\/span><\/p>\n<p style=\"text-align: justify;\"><span style=\"font-family: arial, helvetica, sans-serif;\">Dans le B\u00e9nin de 2026, estime-t-il, la capacit\u00e9 d\u2019un territoire \u00e0 se mobiliser constitue de plus en plus un indicateur de son influence et de son poids dans les grandes orientations publiques. Porto-Novo se retrouve ainsi confront\u00e9e \u00e0 un double imp\u00e9ratif : pr\u00e9server son statut de capitale politique et renforcer sa cr\u00e9dibilit\u00e9 comme centre de mobilisation citoyenne.<\/span><\/p>\n<p style=\"text-align: justify;\"><strong><span style=\"font-family: arial, helvetica, sans-serif;\">L\u2019appel \u00e0 un sursaut collectif<\/span><\/strong><\/p>\n<p style=\"text-align: justify;\"><span style=\"font-family: arial, helvetica, sans-serif;\">En conclusion, l\u2019ancien maire invite les forces vives de Porto-Novo \u00e0 engager un v\u00e9ritable r\u00e9veil collectif. Il plaide pour le passage d\u2019une juxtaposition d\u2019ambitions individuelles \u00e0 une coordination inclusive, un renforcement de l\u2019ancrage local des responsables et une red\u00e9finition concr\u00e8te de l\u2019utilit\u00e9 du vote aux yeux des citoyens.<\/span><\/p>\n<p style=\"text-align: justify;\"><span style=\"font-family: arial, helvetica, sans-serif;\">Forte de son h\u00e9ritage historique, de son capital humain et de sa l\u00e9gitimit\u00e9 institutionnelle, Porto-Novo dispose, selon lui, de tous les atouts pour redevenir une locomotive politique nationale.<\/span><\/p>\n<p style=\"text-align: justify;\"><span style=\"font-family: arial, helvetica, sans-serif;\">\u00c0 travers cette tribune, Emmanuel Zossou adresse un message clair : la capitale politique du B\u00e9nin ne doit plus rester spectatrice de son propre potentiel. Elle est appel\u00e9e \u00e0 retrouver sa voix, son dynamisme d\u00e9mocratique et son r\u00f4le f\u00e9d\u00e9rateur au service de la nation.<\/span><\/p>\n<p style=\"text-align: justify;\"><strong><span style=\"font-family: arial, helvetica, sans-serif;\">Marc KOSSOU\u00a0<\/span><\/strong><\/p>\n<!--CusAds0-->\n<div style=\"font-size: 0px; height: 0px; line-height: 0px; margin: 0; padding: 0; clear: both;\"><\/div>","protected":false},"excerpt":{"rendered":"<p>\u00c0 travers une tribune libre empreinte de lucidit\u00e9 politique et de sens r\u00e9publicain, l\u2019ancien maire de Porto-Novo, Emmanuel Zossou, livre une lecture approfondie des r\u00e9sultats de l\u2019\u00e9lection pr\u00e9sidentielle du 12 avril 2026. Si la victoire \u00e9clatante du duo Romuald Wadagni-Mariam Chabi Talata, cr\u00e9dit\u00e9 de 94,05 % des suffrages au plan national, consacre une adh\u00e9sion massive [&hellip;]<\/p>\n","protected":false},"author":2,"featured_media":4828,"comment_status":"open","ping_status":"open","sticky":false,"template":"","format":"standard","meta":{"footnotes":""},"categories":[69,70,64,63],"tags":[],"class_list":["post-4827","post","type-post","status-publish","format-standard","has-post-thumbnail","hentry","category-science","category-opinion","category-politique","category-une"],"yoast_head":"<!-- This site is optimized with the Yoast SEO plugin v26.9 - https:\/\/yoast.com\/product\/yoast-seo-wordpress\/ -->\n<title>Faible mobilisation \u00e9lectorale \u00e0 Porto-Novo lors de la pr\u00e9sidentielle de 2026 : Emmanuel Zossou d\u00e9crypte les enseignements du scrutin du 12 avril -<\/title>\n<meta name=\"description\" content=\"Faible mobilisation \u00e9lectorale \u00e0 Porto-Novo lors de la pr\u00e9sidentielle de 2026 : Emmanuel Zossou d\u00e9crypte les enseignements du scrutin du 12 avril Actualit\u00e9\" \/>\n<meta name=\"robots\" content=\"index, follow, max-snippet:-1, max-image-preview:large, max-video-preview:-1\" \/>\n<link rel=\"canonical\" href=\"https:\/\/nationalnews24.bj\/index.php\/2026\/04\/23\/faible-mobilisation-electorale-a-porto-novo-lors-de-la-presidentielle-de-2026-emmanuel-zossou-decrypte-les-enseignements-du-scrutin-du-12-avril\/\" \/>\n<meta property=\"og:locale\" content=\"fr_FR\" \/>\n<meta property=\"og:type\" content=\"article\" \/>\n<meta property=\"og:title\" content=\"Faible mobilisation \u00e9lectorale \u00e0 Porto-Novo lors de la pr\u00e9sidentielle de 2026 : Emmanuel Zossou d\u00e9crypte les enseignements du scrutin du 12 avril -\" \/>\n<meta property=\"og:description\" content=\"Faible mobilisation \u00e9lectorale \u00e0 Porto-Novo lors de la pr\u00e9sidentielle de 2026 : Emmanuel Zossou d\u00e9crypte les enseignements du scrutin du 12 avril Actualit\u00e9\" \/>\n<meta property=\"og:url\" content=\"https:\/\/nationalnews24.bj\/index.php\/2026\/04\/23\/faible-mobilisation-electorale-a-porto-novo-lors-de-la-presidentielle-de-2026-emmanuel-zossou-decrypte-les-enseignements-du-scrutin-du-12-avril\/\" \/>\n<meta property=\"article:published_time\" content=\"2026-04-23T01:46:59+00:00\" \/>\n<meta property=\"og:image\" content=\"https:\/\/nationalnews24.bj\/wp-content\/uploads\/2026\/04\/facebook_1776896651874_7452844734545351680.jpg\" \/>\n\t<meta property=\"og:image:width\" content=\"1638\" \/>\n\t<meta property=\"og:image:height\" content=\"2048\" \/>\n\t<meta property=\"og:image:type\" content=\"image\/jpeg\" \/>\n<meta name=\"author\" content=\"National News 24\" \/>\n<meta name=\"twitter:card\" content=\"summary_large_image\" \/>\n<meta name=\"twitter:label1\" content=\"\u00c9crit par\" \/>\n\t<meta name=\"twitter:data1\" content=\"National News 24\" \/>\n\t<meta name=\"twitter:label2\" content=\"Dur\u00e9e de lecture estim\u00e9e\" \/>\n\t<meta name=\"twitter:data2\" content=\"4 minutes\" \/>\n<script type=\"application\/ld+json\" class=\"yoast-schema-graph\">{\"@context\":\"https:\/\/schema.org\",\"@graph\":[{\"@type\":\"Article\",\"@id\":\"https:\/\/nationalnews24.bj\/index.php\/2026\/04\/23\/faible-mobilisation-electorale-a-porto-novo-lors-de-la-presidentielle-de-2026-emmanuel-zossou-decrypte-les-enseignements-du-scrutin-du-12-avril\/#article\",\"isPartOf\":{\"@id\":\"https:\/\/nationalnews24.bj\/index.php\/2026\/04\/23\/faible-mobilisation-electorale-a-porto-novo-lors-de-la-presidentielle-de-2026-emmanuel-zossou-decrypte-les-enseignements-du-scrutin-du-12-avril\/\"},\"author\":{\"name\":\"National News 24\",\"@id\":\"https:\/\/nationalnews24.bj\/#\/schema\/person\/54ba0592d0669728ce5b21672501aca1\"},\"headline\":\"Faible mobilisation \u00e9lectorale \u00e0 Porto-Novo lors de la pr\u00e9sidentielle de 2026 : Emmanuel Zossou d\u00e9crypte les enseignements du scrutin du 12 avril\",\"datePublished\":\"2026-04-23T01:46:59+00:00\",\"mainEntityOfPage\":{\"@id\":\"https:\/\/nationalnews24.bj\/index.php\/2026\/04\/23\/faible-mobilisation-electorale-a-porto-novo-lors-de-la-presidentielle-de-2026-emmanuel-zossou-decrypte-les-enseignements-du-scrutin-du-12-avril\/\"},\"wordCount\":716,\"commentCount\":0,\"publisher\":{\"@id\":\"https:\/\/nationalnews24.bj\/#organization\"},\"image\":{\"@id\":\"https:\/\/nationalnews24.bj\/index.php\/2026\/04\/23\/faible-mobilisation-electorale-a-porto-novo-lors-de-la-presidentielle-de-2026-emmanuel-zossou-decrypte-les-enseignements-du-scrutin-du-12-avril\/#primaryimage\"},\"thumbnailUrl\":\"https:\/\/nationalnews24.bj\/wp-content\/uploads\/2026\/04\/facebook_1776896651874_7452844734545351680.jpg\",\"articleSection\":[\"Actualit\u00e9\",\"Opinion\",\"Politique\",\"Une\"],\"inLanguage\":\"fr-FR\",\"potentialAction\":[{\"@type\":\"CommentAction\",\"name\":\"Comment\",\"target\":[\"https:\/\/nationalnews24.bj\/index.php\/2026\/04\/23\/faible-mobilisation-electorale-a-porto-novo-lors-de-la-presidentielle-de-2026-emmanuel-zossou-decrypte-les-enseignements-du-scrutin-du-12-avril\/#respond\"]}]},{\"@type\":\"WebPage\",\"@id\":\"https:\/\/nationalnews24.bj\/index.php\/2026\/04\/23\/faible-mobilisation-electorale-a-porto-novo-lors-de-la-presidentielle-de-2026-emmanuel-zossou-decrypte-les-enseignements-du-scrutin-du-12-avril\/\",\"url\":\"https:\/\/nationalnews24.bj\/index.php\/2026\/04\/23\/faible-mobilisation-electorale-a-porto-novo-lors-de-la-presidentielle-de-2026-emmanuel-zossou-decrypte-les-enseignements-du-scrutin-du-12-avril\/\",\"name\":\"Faible mobilisation \u00e9lectorale \u00e0 Porto-Novo lors de la pr\u00e9sidentielle de 2026 : Emmanuel Zossou d\u00e9crypte les enseignements du scrutin du 12 avril -\",\"isPartOf\":{\"@id\":\"https:\/\/nationalnews24.bj\/#website\"},\"primaryImageOfPage\":{\"@id\":\"https:\/\/nationalnews24.bj\/index.php\/2026\/04\/23\/faible-mobilisation-electorale-a-porto-novo-lors-de-la-presidentielle-de-2026-emmanuel-zossou-decrypte-les-enseignements-du-scrutin-du-12-avril\/#primaryimage\"},\"image\":{\"@id\":\"https:\/\/nationalnews24.bj\/index.php\/2026\/04\/23\/faible-mobilisation-electorale-a-porto-novo-lors-de-la-presidentielle-de-2026-emmanuel-zossou-decrypte-les-enseignements-du-scrutin-du-12-avril\/#primaryimage\"},\"thumbnailUrl\":\"https:\/\/nationalnews24.bj\/wp-content\/uploads\/2026\/04\/facebook_1776896651874_7452844734545351680.jpg\",\"datePublished\":\"2026-04-23T01:46:59+00:00\",\"description\":\"Faible mobilisation \u00e9lectorale \u00e0 Porto-Novo lors de la pr\u00e9sidentielle de 2026 : Emmanuel Zossou d\u00e9crypte les enseignements du scrutin du 12 avril Actualit\u00e9\",\"breadcrumb\":{\"@id\":\"https:\/\/nationalnews24.bj\/index.php\/2026\/04\/23\/faible-mobilisation-electorale-a-porto-novo-lors-de-la-presidentielle-de-2026-emmanuel-zossou-decrypte-les-enseignements-du-scrutin-du-12-avril\/#breadcrumb\"},\"inLanguage\":\"fr-FR\",\"potentialAction\":[{\"@type\":\"ReadAction\",\"target\":[\"https:\/\/nationalnews24.bj\/index.php\/2026\/04\/23\/faible-mobilisation-electorale-a-porto-novo-lors-de-la-presidentielle-de-2026-emmanuel-zossou-decrypte-les-enseignements-du-scrutin-du-12-avril\/\"]}]},{\"@type\":\"ImageObject\",\"inLanguage\":\"fr-FR\",\"@id\":\"https:\/\/nationalnews24.bj\/index.php\/2026\/04\/23\/faible-mobilisation-electorale-a-porto-novo-lors-de-la-presidentielle-de-2026-emmanuel-zossou-decrypte-les-enseignements-du-scrutin-du-12-avril\/#primaryimage\",\"url\":\"https:\/\/nationalnews24.bj\/wp-content\/uploads\/2026\/04\/facebook_1776896651874_7452844734545351680.jpg\",\"contentUrl\":\"https:\/\/nationalnews24.bj\/wp-content\/uploads\/2026\/04\/facebook_1776896651874_7452844734545351680.jpg\",\"width\":1638,\"height\":2048},{\"@type\":\"BreadcrumbList\",\"@id\":\"https:\/\/nationalnews24.bj\/index.php\/2026\/04\/23\/faible-mobilisation-electorale-a-porto-novo-lors-de-la-presidentielle-de-2026-emmanuel-zossou-decrypte-les-enseignements-du-scrutin-du-12-avril\/#breadcrumb\",\"itemListElement\":[{\"@type\":\"ListItem\",\"position\":1,\"name\":\"Accueil\",\"item\":\"https:\/\/actuorizon.com\/\"},{\"@type\":\"ListItem\",\"position\":2,\"name\":\"Faible mobilisation \u00e9lectorale \u00e0 Porto-Novo lors de la pr\u00e9sidentielle de 2026 : Emmanuel Zossou d\u00e9crypte les enseignements du scrutin du 12 avril\"}]},{\"@type\":\"WebSite\",\"@id\":\"https:\/\/nationalnews24.bj\/#website\",\"url\":\"https:\/\/nationalnews24.bj\/\",\"name\":\"National News 24 (NN24)\",\"description\":\"\",\"publisher\":{\"@id\":\"https:\/\/nationalnews24.bj\/#organization\"},\"potentialAction\":[{\"@type\":\"SearchAction\",\"target\":{\"@type\":\"EntryPoint\",\"urlTemplate\":\"https:\/\/nationalnews24.bj\/?s={search_term_string}\"},\"query-input\":{\"@type\":\"PropertyValueSpecification\",\"valueRequired\":true,\"valueName\":\"search_term_string\"}}],\"inLanguage\":\"fr-FR\"},{\"@type\":\"Organization\",\"@id\":\"https:\/\/nationalnews24.bj\/#organization\",\"name\":\"National News 24 (NN24)\",\"url\":\"https:\/\/nationalnews24.bj\/\",\"logo\":{\"@type\":\"ImageObject\",\"inLanguage\":\"fr-FR\",\"@id\":\"https:\/\/nationalnews24.bj\/#\/schema\/logo\/image\/\",\"url\":\"https:\/\/nationalnews24.bj\/wp-content\/uploads\/2020\/12\/1748693216483.jpg\",\"contentUrl\":\"https:\/\/nationalnews24.bj\/wp-content\/uploads\/2020\/12\/1748693216483.jpg\",\"width\":948,\"height\":552,\"caption\":\"National News 24 (NN24)\"},\"image\":{\"@id\":\"https:\/\/nationalnews24.bj\/#\/schema\/logo\/image\/\"}},{\"@type\":\"Person\",\"@id\":\"https:\/\/nationalnews24.bj\/#\/schema\/person\/54ba0592d0669728ce5b21672501aca1\",\"name\":\"National News 24\",\"image\":{\"@type\":\"ImageObject\",\"inLanguage\":\"fr-FR\",\"@id\":\"https:\/\/nationalnews24.bj\/#\/schema\/person\/image\/\",\"url\":\"https:\/\/secure.gravatar.com\/avatar\/a84d074fae8b267e5a14e43b52d8e7882fdc29967413e0f4feabfe2f015eae12?s=96&d=mm&r=g\",\"contentUrl\":\"https:\/\/secure.gravatar.com\/avatar\/a84d074fae8b267e5a14e43b52d8e7882fdc29967413e0f4feabfe2f015eae12?s=96&d=mm&r=g\",\"caption\":\"National News 24\"},\"url\":\"https:\/\/nationalnews24.bj\/index.php\/author\/irenomacus\/\"}]}<\/script>\n<!-- \/ Yoast SEO plugin. -->","yoast_head_json":{"title":"Faible mobilisation \u00e9lectorale \u00e0 Porto-Novo lors de la pr\u00e9sidentielle de 2026 : Emmanuel Zossou d\u00e9crypte les enseignements du scrutin du 12 avril -","description":"Faible mobilisation \u00e9lectorale \u00e0 Porto-Novo lors de la pr\u00e9sidentielle de 2026 : Emmanuel Zossou d\u00e9crypte les enseignements du scrutin du 12 avril Actualit\u00e9","robots":{"index":"index","follow":"follow","max-snippet":"max-snippet:-1","max-image-preview":"max-image-preview:large","max-video-preview":"max-video-preview:-1"},"canonical":"https:\/\/nationalnews24.bj\/index.php\/2026\/04\/23\/faible-mobilisation-electorale-a-porto-novo-lors-de-la-presidentielle-de-2026-emmanuel-zossou-decrypte-les-enseignements-du-scrutin-du-12-avril\/","og_locale":"fr_FR","og_type":"article","og_title":"Faible mobilisation \u00e9lectorale \u00e0 Porto-Novo lors de la pr\u00e9sidentielle de 2026 : Emmanuel Zossou d\u00e9crypte les enseignements du scrutin du 12 avril -","og_description":"Faible mobilisation \u00e9lectorale \u00e0 Porto-Novo lors de la pr\u00e9sidentielle de 2026 : Emmanuel Zossou d\u00e9crypte les enseignements du scrutin du 12 avril Actualit\u00e9","og_url":"https:\/\/nationalnews24.bj\/index.php\/2026\/04\/23\/faible-mobilisation-electorale-a-porto-novo-lors-de-la-presidentielle-de-2026-emmanuel-zossou-decrypte-les-enseignements-du-scrutin-du-12-avril\/","article_published_time":"2026-04-23T01:46:59+00:00","og_image":[{"width":1638,"height":2048,"url":"https:\/\/nationalnews24.bj\/wp-content\/uploads\/2026\/04\/facebook_1776896651874_7452844734545351680.jpg","type":"image\/jpeg"}],"author":"National News 24","twitter_card":"summary_large_image","twitter_misc":{"\u00c9crit par":"National News 24","Dur\u00e9e de lecture estim\u00e9e":"4 minutes"},"schema":{"@context":"https:\/\/schema.org","@graph":[{"@type":"Article","@id":"https:\/\/nationalnews24.bj\/index.php\/2026\/04\/23\/faible-mobilisation-electorale-a-porto-novo-lors-de-la-presidentielle-de-2026-emmanuel-zossou-decrypte-les-enseignements-du-scrutin-du-12-avril\/#article","isPartOf":{"@id":"https:\/\/nationalnews24.bj\/index.php\/2026\/04\/23\/faible-mobilisation-electorale-a-porto-novo-lors-de-la-presidentielle-de-2026-emmanuel-zossou-decrypte-les-enseignements-du-scrutin-du-12-avril\/"},"author":{"name":"National News 24","@id":"https:\/\/nationalnews24.bj\/#\/schema\/person\/54ba0592d0669728ce5b21672501aca1"},"headline":"Faible mobilisation \u00e9lectorale \u00e0 Porto-Novo lors de la pr\u00e9sidentielle de 2026 : Emmanuel Zossou d\u00e9crypte les enseignements du scrutin du 12 avril","datePublished":"2026-04-23T01:46:59+00:00","mainEntityOfPage":{"@id":"https:\/\/nationalnews24.bj\/index.php\/2026\/04\/23\/faible-mobilisation-electorale-a-porto-novo-lors-de-la-presidentielle-de-2026-emmanuel-zossou-decrypte-les-enseignements-du-scrutin-du-12-avril\/"},"wordCount":716,"commentCount":0,"publisher":{"@id":"https:\/\/nationalnews24.bj\/#organization"},"image":{"@id":"https:\/\/nationalnews24.bj\/index.php\/2026\/04\/23\/faible-mobilisation-electorale-a-porto-novo-lors-de-la-presidentielle-de-2026-emmanuel-zossou-decrypte-les-enseignements-du-scrutin-du-12-avril\/#primaryimage"},"thumbnailUrl":"https:\/\/nationalnews24.bj\/wp-content\/uploads\/2026\/04\/facebook_1776896651874_7452844734545351680.jpg","articleSection":["Actualit\u00e9","Opinion","Politique","Une"],"inLanguage":"fr-FR","potentialAction":[{"@type":"CommentAction","name":"Comment","target":["https:\/\/nationalnews24.bj\/index.php\/2026\/04\/23\/faible-mobilisation-electorale-a-porto-novo-lors-de-la-presidentielle-de-2026-emmanuel-zossou-decrypte-les-enseignements-du-scrutin-du-12-avril\/#respond"]}]},{"@type":"WebPage","@id":"https:\/\/nationalnews24.bj\/index.php\/2026\/04\/23\/faible-mobilisation-electorale-a-porto-novo-lors-de-la-presidentielle-de-2026-emmanuel-zossou-decrypte-les-enseignements-du-scrutin-du-12-avril\/","url":"https:\/\/nationalnews24.bj\/index.php\/2026\/04\/23\/faible-mobilisation-electorale-a-porto-novo-lors-de-la-presidentielle-de-2026-emmanuel-zossou-decrypte-les-enseignements-du-scrutin-du-12-avril\/","name":"Faible mobilisation \u00e9lectorale \u00e0 Porto-Novo lors de la pr\u00e9sidentielle de 2026 : Emmanuel Zossou d\u00e9crypte les enseignements du scrutin du 12 avril -","isPartOf":{"@id":"https:\/\/nationalnews24.bj\/#website"},"primaryImageOfPage":{"@id":"https:\/\/nationalnews24.bj\/index.php\/2026\/04\/23\/faible-mobilisation-electorale-a-porto-novo-lors-de-la-presidentielle-de-2026-emmanuel-zossou-decrypte-les-enseignements-du-scrutin-du-12-avril\/#primaryimage"},"image":{"@id":"https:\/\/nationalnews24.bj\/index.php\/2026\/04\/23\/faible-mobilisation-electorale-a-porto-novo-lors-de-la-presidentielle-de-2026-emmanuel-zossou-decrypte-les-enseignements-du-scrutin-du-12-avril\/#primaryimage"},"thumbnailUrl":"https:\/\/nationalnews24.bj\/wp-content\/uploads\/2026\/04\/facebook_1776896651874_7452844734545351680.jpg","datePublished":"2026-04-23T01:46:59+00:00","description":"Faible mobilisation \u00e9lectorale \u00e0 Porto-Novo lors de la pr\u00e9sidentielle de 2026 : Emmanuel Zossou d\u00e9crypte les enseignements du scrutin du 12 avril Actualit\u00e9","breadcrumb":{"@id":"https:\/\/nationalnews24.bj\/index.php\/2026\/04\/23\/faible-mobilisation-electorale-a-porto-novo-lors-de-la-presidentielle-de-2026-emmanuel-zossou-decrypte-les-enseignements-du-scrutin-du-12-avril\/#breadcrumb"},"inLanguage":"fr-FR","potentialAction":[{"@type":"ReadAction","target":["https:\/\/nationalnews24.bj\/index.php\/2026\/04\/23\/faible-mobilisation-electorale-a-porto-novo-lors-de-la-presidentielle-de-2026-emmanuel-zossou-decrypte-les-enseignements-du-scrutin-du-12-avril\/"]}]},{"@type":"ImageObject","inLanguage":"fr-FR","@id":"https:\/\/nationalnews24.bj\/index.php\/2026\/04\/23\/faible-mobilisation-electorale-a-porto-novo-lors-de-la-presidentielle-de-2026-emmanuel-zossou-decrypte-les-enseignements-du-scrutin-du-12-avril\/#primaryimage","url":"https:\/\/nationalnews24.bj\/wp-content\/uploads\/2026\/04\/facebook_1776896651874_7452844734545351680.jpg","contentUrl":"https:\/\/nationalnews24.bj\/wp-content\/uploads\/2026\/04\/facebook_1776896651874_7452844734545351680.jpg","width":1638,"height":2048},{"@type":"BreadcrumbList","@id":"https:\/\/nationalnews24.bj\/index.php\/2026\/04\/23\/faible-mobilisation-electorale-a-porto-novo-lors-de-la-presidentielle-de-2026-emmanuel-zossou-decrypte-les-enseignements-du-scrutin-du-12-avril\/#breadcrumb","itemListElement":[{"@type":"ListItem","position":1,"name":"Accueil","item":"https:\/\/actuorizon.com\/"},{"@type":"ListItem","position":2,"name":"Faible mobilisation \u00e9lectorale \u00e0 Porto-Novo lors de la pr\u00e9sidentielle de 2026 : Emmanuel Zossou d\u00e9crypte les enseignements du scrutin du 12 avril"}]},{"@type":"WebSite","@id":"https:\/\/nationalnews24.bj\/#website","url":"https:\/\/nationalnews24.bj\/","name":"National News 24 (NN24)","description":"","publisher":{"@id":"https:\/\/nationalnews24.bj\/#organization"},"potentialAction":[{"@type":"SearchAction","target":{"@type":"EntryPoint","urlTemplate":"https:\/\/nationalnews24.bj\/?s={search_term_string}"},"query-input":{"@type":"PropertyValueSpecification","valueRequired":true,"valueName":"search_term_string"}}],"inLanguage":"fr-FR"},{"@type":"Organization","@id":"https:\/\/nationalnews24.bj\/#organization","name":"National News 24 (NN24)","url":"https:\/\/nationalnews24.bj\/","logo":{"@type":"ImageObject","inLanguage":"fr-FR","@id":"https:\/\/nationalnews24.bj\/#\/schema\/logo\/image\/","url":"https:\/\/nationalnews24.bj\/wp-content\/uploads\/2020\/12\/1748693216483.jpg","contentUrl":"https:\/\/nationalnews24.bj\/wp-content\/uploads\/2020\/12\/1748693216483.jpg","width":948,"height":552,"caption":"National News 24 (NN24)"},"image":{"@id":"https:\/\/nationalnews24.bj\/#\/schema\/logo\/image\/"}},{"@type":"Person","@id":"https:\/\/nationalnews24.bj\/#\/schema\/person\/54ba0592d0669728ce5b21672501aca1","name":"National News 24","image":{"@type":"ImageObject","inLanguage":"fr-FR","@id":"https:\/\/nationalnews24.bj\/#\/schema\/person\/image\/","url":"https:\/\/secure.gravatar.com\/avatar\/a84d074fae8b267e5a14e43b52d8e7882fdc29967413e0f4feabfe2f015eae12?s=96&d=mm&r=g","contentUrl":"https:\/\/secure.gravatar.com\/avatar\/a84d074fae8b267e5a14e43b52d8e7882fdc29967413e0f4feabfe2f015eae12?s=96&d=mm&r=g","caption":"National News 24"},"url":"https:\/\/nationalnews24.bj\/index.php\/author\/irenomacus\/"}]}},"views":70,"blog_post_layout_featured_media_urls":{"thumbnail":["https:\/\/nationalnews24.bj\/wp-content\/uploads\/2026\/04\/facebook_1776896651874_7452844734545351680-150x150.jpg",150,150,true],"full":["https:\/\/nationalnews24.bj\/wp-content\/uploads\/2026\/04\/facebook_1776896651874_7452844734545351680.jpg",1638,2048,false]},"categories_names":{"69":{"name":"Actualit\u00e9","link":"https:\/\/nationalnews24.bj\/index.php\/category\/science\/"},"70":{"name":"Opinion","link":"https:\/\/nationalnews24.bj\/index.php\/category\/opinion\/"},"64":{"name":"Politique","link":"https:\/\/nationalnews24.bj\/index.php\/category\/politique\/"},"63":{"name":"Une","link":"https:\/\/nationalnews24.bj\/index.php\/category\/une\/"}},"tags_names":[],"comments_number":"0","wpmagazine_modules_lite_featured_media_urls":{"thumbnail":["https:\/\/nationalnews24.bj\/wp-content\/uploads\/2026\/04\/facebook_1776896651874_7452844734545351680-150x150.jpg",150,150,true],"cvmm-medium":["https:\/\/nationalnews24.bj\/wp-content\/uploads\/2026\/04\/facebook_1776896651874_7452844734545351680-300x300.jpg",300,300,true],"cvmm-medium-plus":["https:\/\/nationalnews24.bj\/wp-content\/uploads\/2026\/04\/facebook_1776896651874_7452844734545351680-305x207.jpg",305,207,true],"cvmm-portrait":["https:\/\/nationalnews24.bj\/wp-content\/uploads\/2026\/04\/facebook_1776896651874_7452844734545351680-400x600.jpg",400,600,true],"cvmm-medium-square":["https:\/\/nationalnews24.bj\/wp-content\/uploads\/2026\/04\/facebook_1776896651874_7452844734545351680-600x600.jpg",600,600,true],"cvmm-large":["https:\/\/nationalnews24.bj\/wp-content\/uploads\/2026\/04\/facebook_1776896651874_7452844734545351680-1024x1024.jpg",1024,1024,true],"cvmm-small":["https:\/\/nationalnews24.bj\/wp-content\/uploads\/2026\/04\/facebook_1776896651874_7452844734545351680-130x95.jpg",130,95,true],"full":["https:\/\/nationalnews24.bj\/wp-content\/uploads\/2026\/04\/facebook_1776896651874_7452844734545351680.jpg",1638,2048,false]},"_links":{"self":[{"href":"https:\/\/nationalnews24.bj\/index.php\/wp-json\/wp\/v2\/posts\/4827","targetHints":{"allow":["GET"]}}],"collection":[{"href":"https:\/\/nationalnews24.bj\/index.php\/wp-json\/wp\/v2\/posts"}],"about":[{"href":"https:\/\/nationalnews24.bj\/index.php\/wp-json\/wp\/v2\/types\/post"}],"author":[{"embeddable":true,"href":"https:\/\/nationalnews24.bj\/index.php\/wp-json\/wp\/v2\/users\/2"}],"replies":[{"embeddable":true,"href":"https:\/\/nationalnews24.bj\/index.php\/wp-json\/wp\/v2\/comments?post=4827"}],"version-history":[{"count":1,"href":"https:\/\/nationalnews24.bj\/index.php\/wp-json\/wp\/v2\/posts\/4827\/revisions"}],"predecessor-version":[{"id":4829,"href":"https:\/\/nationalnews24.bj\/index.php\/wp-json\/wp\/v2\/posts\/4827\/revisions\/4829"}],"wp:featuredmedia":[{"embeddable":true,"href":"https:\/\/nationalnews24.bj\/index.php\/wp-json\/wp\/v2\/media\/4828"}],"wp:attachment":[{"href":"https:\/\/nationalnews24.bj\/index.php\/wp-json\/wp\/v2\/media?parent=4827"}],"wp:term":[{"taxonomy":"category","embeddable":true,"href":"https:\/\/nationalnews24.bj\/index.php\/wp-json\/wp\/v2\/categories?post=4827"},{"taxonomy":"post_tag","embeddable":true,"href":"https:\/\/nationalnews24.bj\/index.php\/wp-json\/wp\/v2\/tags?post=4827"}],"curies":[{"name":"wp","href":"https:\/\/api.w.org\/{rel}","templated":true}]}}